{"id":163,"date":"2026-09-03T19:51:41","date_gmt":"2026-09-03T19:51:41","guid":{"rendered":"https:\/\/devmarkalar.com.tr\/?p=163"},"modified":"2026-09-03T19:51:42","modified_gmt":"2026-09-03T19:51:42","slug":"didim-belediyesinden-kadinlarin-uretimine-destek","status":"publish","type":"post","link":"https:\/\/devmarkalar.com.tr\/?p=163","title":{"rendered":"Didim Belediyesi\u2019nden Kad\u0131nlar\u0131n \u00dcretimine Destek"},"content":{"rendered":"\n<p style=\"text-align:justify;margin-bottom:11px\"><span style=\"font-size:12pt\"><span style=\"line-height:115%\"><span style=\"font-family:Calibri,sans-serif\"><span style=\"border:none;color:black\">Kad\u0131nlar\u0131n el eme\u011fini bilgi ve beceriyle bulu\u015fturan Uygulamal\u0131 Moda Tasar\u0131m ve Temel Diki\u015f Kursu\u2019nda yeni d\u00f6nem kay\u0131tlar\u0131 ba\u015fl\u0131yor. Didim Belediyesi taraf\u0131ndan kad\u0131nlar\u0131n \u00fcretim s\u00fcre\u00e7lerine kat\u0131l\u0131m\u0131n\u0131 desteklemek amac\u0131yla s\u00fcrd\u00fcr\u00fclen kurs, kat\u0131l\u0131mc\u0131lara diki\u015f ve moda tasar\u0131m\u0131 alan\u0131nda kendilerini geli\u015ftirme f\u0131rsat\u0131 sunuyor.<\/span><\/span><\/span><\/span><\/p>\n<p style=\"text-align:justify;margin-bottom:11px\"><span style=\"font-size:12pt\"><span style=\"line-height:115%\"><span style=\"font-family:Calibri,sans-serif\"><span style=\"border:none;color:black\">KADINLARIN EME\u011e\u0130 B\u0130LG\u0130 VE BECER\u0130YLE BULU\u015eUYOR<\/span><\/span><\/span><\/span><\/p>\n<p style=\"text-align:justify;margin-bottom:11px\"><span style=\"font-size:12pt\"><span style=\"line-height:115%\"><span style=\"font-family:Calibri,sans-serif\"><span style=\"border:none;color:black\">Uygulamal\u0131 olarak ger\u00e7ekle\u015ftirilen kursta, diki\u015fin temel tekniklerinden moda tasar\u0131m\u0131na uzanan \u00e7al\u0131\u015fmalarla kad\u0131nlar\u0131n yeni beceriler kazanmas\u0131 ve kendi yeteneklerini geli\u015ftirmeleri hedefleniyor. Kurs, kad\u0131nlar\u0131n el eme\u011fini \u00fcretime d\u00f6n\u00fc\u015ft\u00fcrmelerine ve farkl\u0131 alanlarda kendilerini geli\u015ftirmelerine alan a\u00e7\u0131yor.<\/span><\/span><\/span><\/span><\/p>\n<p style=\"text-align:justify;margin-bottom:11px\"><span style=\"font-size:12pt\"><span style=\"line-height:115%\"><span style=\"font-family:Calibri,sans-serif\"><span style=\"border:none;color:black\">Didim Belediye Ba\u015fkan\u0131 Hatice Gen\u00e7ay, kad\u0131nlar\u0131n \u00fcretim hayat\u0131nda daha g\u00fc\u00e7l\u00fc bir yer edinmelerini \u00f6nemsediklerini belirterek, \u201cKad\u0131n eme\u011finin de\u011fer g\u00f6rd\u00fc\u011f\u00fc, kad\u0131nlar\u0131m\u0131z\u0131n \u00fcreterek g\u00fc\u00e7lendi\u011fi bir Didim i\u00e7in \u00e7al\u0131\u015f\u0131yoruz.\u201d dedi.<\/span><\/span><\/span><\/span><\/p>\n<p style=\"text-align:justify;margin-bottom:11px\"><span style=\"font-size:12pt\"><span style=\"line-height:115%\"><span style=\"font-family:Calibri,sans-serif\"><span style=\"border:none;color:black\">D\u0130D\u0130M BELED\u0130YES\u0130 \u00dcRETEN KADINLARIN YANINDA<\/span><\/span><\/span><\/span><\/p>\n<p style=\"text-align:justify;margin-bottom:11px\"><span style=\"font-size:12pt\"><span style=\"line-height:115%\"><span style=\"font-family:Calibri,sans-serif\"><span style=\"border:none;color:black\">Didim Belediyesi, kad\u0131nlar\u0131n bilgi ve becerilerini geli\u015ftirmelerine, \u00fcretim alanlar\u0131n\u0131 geni\u015fletmelerine ve kendi emekleriyle yeni f\u0131rsatlar yaratmalar\u0131na katk\u0131 sa\u011flayan \u00e7al\u0131\u015fmalara \u00f6nem veriyor.<\/span><\/span><\/span><\/span><\/p>\n<p style=\"text-align:justify;margin-bottom:11px\"><span style=\"font-size:12pt\"><span style=\"line-height:115%\"><span style=\"font-family:Calibri,sans-serif\"><span style=\"border:none;color:black\">18-55 ya\u015f aras\u0131ndaki kad\u0131nlar\u0131n kat\u0131labilece\u011fi Uygulamal\u0131 Moda Tasar\u0131m ve Temel Diki\u015f Kursu\u2019nun yeni d\u00f6nem ba\u015fvurular\u0131 7-11 Eyl\u00fcl 2026 tarihleri aras\u0131nda Didim Belediyesi Kad\u0131n ve Aile Hizmetleri M\u00fcd\u00fcrl\u00fc\u011f\u00fc\u2019ne yap\u0131labilecek. Kontenjanlar s\u0131n\u0131rl\u0131 olacak.<\/span><\/span><\/span><\/span><\/p>\n<p style=\"text-align:justify;margin-bottom:11px\">\u00a0<\/p>\n<p>Kaynak: (BYZHA) Beyaz Haber Ajans\u0131<\/p>\n","protected":false},"excerpt":{"rendered":"<p>Kad\u0131nlar\u0131n el eme\u011fini bilgi ve beceriyle bulu\u015fturan Uygulamal\u0131 Moda Tasar\u0131m ve Temel Diki\u015f Kursu\u2019nda yeni d\u00f6nem kay\u0131tlar\u0131 ba\u015fl\u0131yor.<\/p>\n","protected":false},"author":1,"featured_media":164,"comment_status":"open","ping_status":"open","sticky":false,"template":"","format":"standard","meta":{"footnotes":""},"categories":[2],"tags":[],"class_list":["post-163","post","type-post","status-publish","format-standard","has-post-thumbnail","hentry","category-blog"],"_links":{"self":[{"href":"https:\/\/devmarkalar.com.tr\/index.php?rest_route=\/wp\/v2\/posts\/163","targetHints":{"allow":["GET"]}}],"collection":[{"href":"https:\/\/devmarkalar.com.tr\/index.php?rest_route=\/wp\/v2\/posts"}],"about":[{"href":"https:\/\/devmarkalar.com.tr\/index.php?rest_route=\/wp\/v2\/types\/post"}],"author":[{"embeddable":true,"href":"https:\/\/devmarkalar.com.tr\/index.php?rest_route=\/wp\/v2\/users\/1"}],"replies":[{"embeddable":true,"href":"https:\/\/devmarkalar.com.tr\/index.php?rest_route=%2Fwp%2Fv2%2Fcomments&post=163"}],"version-history":[{"count":1,"href":"https:\/\/devmarkalar.com.tr\/index.php?rest_route=\/wp\/v2\/posts\/163\/revisions"}],"predecessor-version":[{"id":165,"href":"https:\/\/devmarkalar.com.tr\/index.php?rest_route=\/wp\/v2\/posts\/163\/revisions\/165"}],"wp:featuredmedia":[{"embeddable":true,"href":"https:\/\/devmarkalar.com.tr\/index.php?rest_route=\/wp\/v2\/media\/164"}],"wp:attachment":[{"href":"https:\/\/devmarkalar.com.tr\/index.php?rest_route=%2Fwp%2Fv2%2Fmedia&parent=163"}],"wp:term":[{"taxonomy":"category","embeddable":true,"href":"https:\/\/devmarkalar.com.tr\/index.php?rest_route=%2Fwp%2Fv2%2Fcategories&post=163"},{"taxonomy":"post_tag","embeddable":true,"href":"https:\/\/devmarkalar.com.tr\/index.php?rest_route=%2Fwp%2Fv2%2Ftags&post=163"}],"curies":[{"name":"wp","href":"https:\/\/api.w.org\/{rel}","templated":true}]}}